{"id":9900,"date":"2022-12-02T18:33:00","date_gmt":"2022-12-02T17:33:00","guid":{"rendered":"https:\/\/www.lux-airport.lu\/alexander-flassak-nominated-chief-executive-officer-of-lux-airport\/"},"modified":"2023-01-05T21:38:18","modified_gmt":"2023-01-05T20:38:18","slug":"alexander-flassak-nomme-chef-executif-de-lux-airport","status":"publish","type":"post","link":"https:\/\/www.lux-airport.lu\/fr\/alexander-flassak-nomme-chef-executif-de-lux-airport\/","title":{"rendered":"Alexander Flassak nomm\u00e9 directeur g\u00e9n\u00e9ral de lux-Airport"},"content":{"rendered":"\n<p>Le conseil d&rsquo;administration de lux-Airport a confirm\u00e9 \u00e0 l&rsquo;unanimit\u00e9 aujourd&rsquo;hui, 02.12.2022, Alexander Flassak au poste de Chief Executive Officer (CEO). Alexander Flassak est d\u00e9j\u00e0 en charge en tant que PDG ad interim depuis mai 2022.<\/p>\n\n<div class=\"wp-block-columns is-layout-flex wp-container-core-columns-is-layout-9d6595d7 wp-block-columns-is-layout-flex\">\n<div class=\"wp-block-column is-layout-flow wp-block-column-is-layout-flow\" style=\"flex-basis:33.33%\">\n<figure class=\"wp-block-image size-full\"><img loading=\"lazy\" decoding=\"async\" width=\"250\" height=\"241\" src=\"https:\/\/www.lux-airport.lu\/wp-content\/uploads\/2023\/01\/image-17.png\" alt=\"Alexander Flassak\" class=\"wp-image-9881\"\/><\/figure>\n<\/div>\n\n\n\n<div class=\"wp-block-column is-vertically-aligned-center is-layout-flow wp-block-column-is-layout-flow\" style=\"flex-basis:66.66%\">\n<p><strong>\u00c0 propos d&rsquo;Alexander Flassak :<\/strong><\/p>\n\n\n\n<p>Alexander Flassak a rejoint lux-Airport en 2014 en tant que directeur financier et responsable du d\u00e9veloppement immobilier. Avant d&rsquo;occuper ce poste, il a travaill\u00e9 chez Ernst &amp; Young pendant neuf ans, \u00e0 Francfort et \u00e0 Luxembourg. Alexander Flassak est titulaire de quatre dipl\u00f4mes universitaires et a repris en 2012 un poste de professeur suppl\u00e9ant en finances \u00e0 Mayence, en Allemagne. Alexander Flassak est directeur g\u00e9n\u00e9ral adjoint depuis la fin de 2020 et a repris le poste de directeur g\u00e9n\u00e9ral ad interim apr\u00e8s le d\u00e9part de Ren\u00e9 Steinhaus en mai 2022.<\/p>\n<\/div>\n<\/div>\n","protected":false},"excerpt":{"rendered":"<p>Le conseil d&rsquo;administration de lux-Airport a confirm\u00e9 \u00e0 l&rsquo;unanimit\u00e9 aujourd&rsquo;hui, 02.12.2022, Alexander Flassak au poste de Chief Executive Officer (CEO). Alexander Flassak est d\u00e9j\u00e0 en charge en tant que PDG ad interim depuis mai 2022. \u00c0 propos d&rsquo;Alexander Flassak : Alexander Flassak a rejoint lux-Airport en 2014 en tant que directeur financier et responsable du [&hellip;]<\/p>\n","protected":false},"author":1,"featured_media":9886,"comment_status":"closed","ping_status":"closed","sticky":false,"template":"","format":"standard","meta":{"_acf_changed":false,"footnotes":""},"categories":[200],"tags":[],"class_list":["post-9900","post","type-post","status-publish","format-standard","has-post-thumbnail","hentry","category-communiques-de-presse"],"acf":{"set_page_width_full":false,"start_with_small_header":false,"reno_options":{"hide_reno_widget":false,"open_widget_on_page_load":false,"which_tab_to_open":"chatbot","hide_reno_turn_onoff":false,"set_height_to_mini":false,"reno_page_branded_text_back_front":{"reno_show_branded_text":false,"reno_text_in_the_back":"JOURNEY","reno_text_in_the_front":"my journey starts here"}},"branded_text_backfront":{"hide_branded_text":false,"text_in_the_back":"JOURNEY","text_in_the_front_left":"My journey","text_in_the_front_right":"starts here"},"hide_breadcrumbs":false,"hide_footer_widgets":false,"hide_page_title":false,"advertising__adsense":{"show_ads_in_this_page":true,"image_instead_of_adsense":{"enable_image_instead_of_adsense":false,"banner_image_300x250":null,"banner_url":""}},"header_image_options":{"show_header_image":"Yes","header_image":""}},"_links":{"self":[{"href":"https:\/\/www.lux-airport.lu\/fr\/wp-json\/wp\/v2\/posts\/9900","targetHints":{"allow":["GET"]}}],"collection":[{"href":"https:\/\/www.lux-airport.lu\/fr\/wp-json\/wp\/v2\/posts"}],"about":[{"href":"https:\/\/www.lux-airport.lu\/fr\/wp-json\/wp\/v2\/types\/post"}],"author":[{"embeddable":true,"href":"https:\/\/www.lux-airport.lu\/fr\/wp-json\/wp\/v2\/users\/1"}],"replies":[{"embeddable":true,"href":"https:\/\/www.lux-airport.lu\/fr\/wp-json\/wp\/v2\/comments?post=9900"}],"version-history":[{"count":0,"href":"https:\/\/www.lux-airport.lu\/fr\/wp-json\/wp\/v2\/posts\/9900\/revisions"}],"wp:featuredmedia":[{"embeddable":true,"href":"https:\/\/www.lux-airport.lu\/fr\/wp-json\/wp\/v2\/media\/9886"}],"wp:attachment":[{"href":"https:\/\/www.lux-airport.lu\/fr\/wp-json\/wp\/v2\/media?parent=9900"}],"wp:term":[{"taxonomy":"category","embeddable":true,"href":"https:\/\/www.lux-airport.lu\/fr\/wp-json\/wp\/v2\/categories?post=9900"},{"taxonomy":"post_tag","embeddable":true,"href":"https:\/\/www.lux-airport.lu\/fr\/wp-json\/wp\/v2\/tags?post=9900"}],"curies":[{"name":"wp","href":"https:\/\/api.w.org\/{rel}","templated":true}]}}