{"id":8170,"date":"2019-10-25T12:01:22","date_gmt":"2019-10-25T11:01:22","guid":{"rendered":"https:\/\/www.lux-airport.lu\/le-nouvel-horaire-dhiver-2020-est-disponible-des-maintenant-85-destinations-directes-au-depart-de-luxembourg-avec-un-nouvel-arret-direct-vers-stockholm-arlanda-et-budapest\/"},"modified":"2019-10-25T12:01:22","modified_gmt":"2019-10-25T11:01:22","slug":"le-nouvel-horaire-dhiver-2020-est-disponible-des-maintenant-85-destinations-directes-au-depart-de-luxembourg-avec-un-nouvel-arret-direct-vers-stockholm-arlanda-et-budapest","status":"publish","type":"post","link":"https:\/\/www.lux-airport.lu\/fr\/le-nouvel-horaire-dhiver-2020-est-disponible-des-maintenant-85-destinations-directes-au-depart-de-luxembourg-avec-un-nouvel-arret-direct-vers-stockholm-arlanda-et-budapest\/","title":{"rendered":"Le nouvel horaire d&rsquo;hiver 2020 est disponible d\u00e8s maintenant : 85 destinations directes au d\u00e9part de Luxembourg, avec un nouvel arr\u00eat direct vers Stockholm Arlanda et Budapest !"},"content":{"rendered":"<figure id=\"attachment_10184\" aria-describedby=\"caption-attachment-10184\" style=\"width: 250px\" class=\"wp-caption alignleft\"><a href=\"https:\/\/www.lux-airport.lu\/wp-content\/uploads\/2019\/10\/LUXAIRPORT_BRO_Timetable_WINTER_115x75_05_WEB-1.pdf\"><img loading=\"lazy\" decoding=\"async\" class=\"wp-image-10184 size-medium\" src=\"https:\/\/www.lux-airport.lu\/wp-content\/uploads\/2022\/08\/cover-picture-500x300-1-250x150-1.jpg\" alt=\"\" width=\"250\" height=\"150\"><\/a><figcaption id=\"caption-attachment-10184\" class=\"wp-caption-text\">Cliquez sur l&rsquo;image pour t\u00e9l\u00e9charger le nouvel horaire d&rsquo;hiver 2020 de l&rsquo;a\u00e9roport de Luxembourg.<\/figcaption><\/figure>\n<p>A partir du 27.10.19, le nouvel horaire d&rsquo;hiver est disponible \u00e0 l&rsquo;a\u00e9roport de Luxembourg. Ce format de poche pratique est propos\u00e9 au comptoir d&rsquo;information de l&rsquo;a\u00e9roport de Luxembourg et en version PDF.&nbsp;<a href=\"https:\/\/www.lux-airport.lu\/wp-content\/uploads\/2019\/10\/LUXAIRPORT_BRO_Timetable_WINTER_115x75_05_WEB-1.pdf\" target=\"_blank\" rel=\"noopener noreferrer\">  \u00e0 t\u00e9l\u00e9charger. Veuillez cliquer ici.<\/a><\/p>\n<h1><strong>Quoi de neuf ?<\/strong><\/h1>\n<p>SAS Scandinavian Airlines propose une nouvelle escale directe \u00e0 Stockholm Arlanda (ARN) pour d\u00e9couvrir la capitale su\u00e9doise et attraper le sentiment de \u00ab\u00a0Hygge\u00a0\u00bb. Un autre conseil d&rsquo;initi\u00e9 pour les \u00ab\u00a0amateurs\u00a0\u00bb de ski : continuez avec SAS de Stockholm Arlanda (ARN) \u00e0 l&rsquo;a\u00e9roport de Scandinavian Mountain (SCR). Les stations de sports d&rsquo;hiver exclusives de S\u00e4len, Idre, Trysil et Engerdal sont proches. SAS relie le Luxembourg \u00e0 Stockholm trois fois par semaine, les lundi, mercredi et vendredi. R\u00e9servez d\u00e8s maintenant votre vol Luxembourg &#8211; Stockholm Arlanda avec SAS Scandinavian Airlines sur <a href=\"https:\/\/www.flysas.com\/en\/\" rel=\"nofollow noopener\" target=\"_blank\">www.flysas.com\/en\/.<\/a><\/p>\n<h4>La deuxi\u00e8me nouvelle destination est Budapest, \u00e9galement connue sous le nom de \u00ab\u00a0Perle du Danube\u00a0\u00bb.<\/h4>\n<p>La ville de Budapest offre une histoire, de beaux b\u00e2timents et un vaste choix de possibilit\u00e9s de spa pour un petit moment de d\u00e9tente. Ryanair relie d\u00e9sormais Luxembourg \u00e0 Budapest trois fois par semaine, les mardi, jeudi et samedi. Achetez votre billet d&rsquo;avion Luxembourg &#8211; Budapest avec Ryanair sur : <a href=\"https:\/\/www.ryanair.com\" rel=\"nofollow noopener\" target=\"_blank\">www.ryanair.com<\/a><\/p>\n<p>Vous \u00eates curieux de conna\u00eetre les prochaines destinations estivales ? Coup d&rsquo;\u0153il en avant-premi\u00e8re pour Luxair : trois nouvelles destinations sont annonc\u00e9es pour la saison d&rsquo;\u00e9t\u00e9. Soyez pr\u00eats pour Florence, Montpellier et Nantes ! Plus d&rsquo;informations sur &nbsp;www.luxair.lu<\/p>\n","protected":false},"excerpt":{"rendered":"<p>A partir du 27.10.19, le nouvel horaire d&rsquo;hiver est disponible \u00e0 l&rsquo;a\u00e9roport de Luxembourg. Ce format de poche pratique est propos\u00e9 au comptoir d&rsquo;information de l&rsquo;a\u00e9roport de Luxembourg et en version PDF.&nbsp; \u00e0 t\u00e9l\u00e9charger. Veuillez cliquer ici. Quoi de neuf ? SAS Scandinavian Airlines propose une nouvelle escale directe \u00e0 Stockholm Arlanda (ARN) pour d\u00e9couvrir [&hellip;]<\/p>\n","protected":false},"author":9,"featured_media":0,"comment_status":"closed","ping_status":"closed","sticky":false,"template":"","format":"standard","meta":{"_acf_changed":false,"footnotes":""},"categories":[4],"tags":[],"class_list":["post-8170","post","type-post","status-publish","format-standard","hentry","category-les-actualites"],"acf":{"set_page_width_full":false,"start_with_small_header":false,"reno_options":{"hide_reno_widget":false,"open_widget_on_page_load":false,"which_tab_to_open":"chatbot","hide_reno_turn_onoff":false,"set_height_to_mini":false,"reno_page_branded_text_back_front":{"reno_show_branded_text":false,"reno_text_in_the_back":"JOURNEY","reno_text_in_the_front":"my journey starts here"}},"branded_text_backfront":{"hide_branded_text":false,"text_in_the_back":"JOURNEY","text_in_the_front_left":"My journey","text_in_the_front_right":"starts here"},"hide_breadcrumbs":false,"hide_footer_widgets":false,"hide_page_title":false,"advertising__adsense":{"show_ads_in_this_page":true,"image_instead_of_adsense":{"enable_image_instead_of_adsense":false,"banner_image_300x250":null,"banner_url":""}},"header_image_options":{"show_header_image":"Yes","header_image":null}},"_links":{"self":[{"href":"https:\/\/www.lux-airport.lu\/fr\/wp-json\/wp\/v2\/posts\/8170","targetHints":{"allow":["GET"]}}],"collection":[{"href":"https:\/\/www.lux-airport.lu\/fr\/wp-json\/wp\/v2\/posts"}],"about":[{"href":"https:\/\/www.lux-airport.lu\/fr\/wp-json\/wp\/v2\/types\/post"}],"author":[{"embeddable":true,"href":"https:\/\/www.lux-airport.lu\/fr\/wp-json\/wp\/v2\/users\/9"}],"replies":[{"embeddable":true,"href":"https:\/\/www.lux-airport.lu\/fr\/wp-json\/wp\/v2\/comments?post=8170"}],"version-history":[{"count":0,"href":"https:\/\/www.lux-airport.lu\/fr\/wp-json\/wp\/v2\/posts\/8170\/revisions"}],"wp:attachment":[{"href":"https:\/\/www.lux-airport.lu\/fr\/wp-json\/wp\/v2\/media?parent=8170"}],"wp:term":[{"taxonomy":"category","embeddable":true,"href":"https:\/\/www.lux-airport.lu\/fr\/wp-json\/wp\/v2\/categories?post=8170"},{"taxonomy":"post_tag","embeddable":true,"href":"https:\/\/www.lux-airport.lu\/fr\/wp-json\/wp\/v2\/tags?post=8170"}],"curies":[{"name":"wp","href":"https:\/\/api.w.org\/{rel}","templated":true}]}}