{"id":3804,"date":"2018-10-07T10:43:24","date_gmt":"2018-10-07T09:43:24","guid":{"rendered":"https:\/\/www.lux-airport.lu\/skypark-business-center-south-premier-jalon-visible-du-developpement-de-lairport-city\/"},"modified":"2022-08-21T15:24:18","modified_gmt":"2022-08-21T14:24:18","slug":"skypark-business-center-south-premier-jalon-visible-du-developpement-de-lairport-city","status":"publish","type":"post","link":"https:\/\/www.lux-airport.lu\/fr\/skypark-business-center-south-premier-jalon-visible-du-developpement-de-lairport-city\/","title":{"rendered":"Skypark Business Center South &#8211; premier jalon de l\u2019Airport City"},"content":{"rendered":"<p><img loading=\"lazy\" decoding=\"async\" class=\"alignleft wp-image-7933 size-medium\" src=\"https:\/\/www.lux-airport.lu\/wp-content\/uploads\/2022\/08\/Skypark-Business-Center-South-BIG-4-_web.jpg\" alt=\"\" width=\"250\" height=\"172\"><\/p>\n<p>Le Skypark Business Center South est le premier jalon visible du d\u00e9veloppement de l\u2019Airport City.<br \/>\nLe premier b\u00e2timent sera construit sur le terrain directement \u00e0 c\u00f4t\u00e9 du terminal.<\/p>\n<p>Ren\u00e9 Steinhaus, CEO de lux-Airport\u00a0: \u00ab\u00a0Je me r\u00e9jouis de voir le premier jalon de notre Airport City devenir r\u00e9alit\u00e9. Le Skypark Business Center South sera un b\u00e2timent de r\u00e9f\u00e9rence en mati\u00e8re de respect de l\u2019environnement et de d\u00e9veloppement durable, ce qui favorisera la convergence de nos objectifs \u00e9conomiques et \u00e9cologiques.\u00a0\u00bb<\/p>\n<p>&nbsp;<\/p>\n<h3><\/h3>\n<h3><\/h3>\n<h3><strong>Le projet<\/strong><\/h3>\n<ul>\n<li>D\u00e9but des travaux pr\u00e9vu courant 2019<\/li>\n<li>Ach\u00e8vement 2021\/22<\/li>\n<li>Premi\u00e8re phase de 10.000 \u2013 15.000 m\u00b2<\/li>\n<li>Projet de bureaux modulaires et ultra-flexibles, pouvant accueillir jusqu\u2019\u00e0 40.000 m\u00b2 de surface totale et 2.000 places de parking<\/li>\n<li>Outre les bureaux, le b\u00e2timent abritera des services tels que des agences de location de voitures, des boutiques, des restaurants, un centre de fitness, un jardin d\u2019enfants\/une cr\u00e8che, etc.<\/li>\n<\/ul>\n<p>&nbsp;<\/p>\n<p>&nbsp;<\/p>\n<h3><strong>L\u2019architecte<\/strong><\/h3>\n<ul>\n<li>S\u00e9lectionn\u00e9 par consultation r\u00e9mun\u00e9r\u00e9e (national\/international)<\/li>\n<li>BIG | Bjarke Ingels Group Copenhague\/Danemark, en partenariat avec metaform\/Luxembourg<\/li>\n<li>BIG | Bjarke Ingels Group est l\u2019un des cabinets d\u2019architecture les plus renomm\u00e9s au monde (actuellement n\u00b0\u00a03 dans le classement mondial des architectes &#8211;<a href=\"https:\/\/www.big.dk\" rel=\"nofollow noopener\" target=\"_blank\"> www.big.dk<\/a>)<\/li>\n<li>Le Skypark Business Center South sera le premier projet de BIG au Luxembourg<\/li>\n<\/ul>\n<h3><\/h3>\n<h3><strong>Innovation structurelle et durabilit\u00e9<\/strong><\/h3>\n<ul>\n<li>lux-Airport vise \u00e0 cr\u00e9er un b\u00e2timent de r\u00e9f\u00e9rence en termes de durabilit\u00e9 et de gestion environnementale<\/li>\n<li>Structure en bois, photovolta\u00efque, collecte des eaux pluviales, fa\u00e7ade tr\u00e8s performante, toitures et terrasses v\u00e9g\u00e9talis\u00e9es, r\u00e9duction d\u2019\u00e9nergie gr\u00e2ce \u00e0 la r\u00e9tention de chaleur par une couche verte<\/li>\n<li>Construction en bois \u2013 r\u00e9duction significative de l\u2019empreinte carbone par rapport \u00e0 l\u2019acier ou au b\u00e9ton<\/li>\n<li>Aires de stationnement \u00e9tanches existantes am\u00e9nag\u00e9es en toitures v\u00e9g\u00e9talis\u00e9es<\/li>\n<li>Double fa\u00e7ade \u2013 r\u00e9duction importante du bruit et de la consommation d\u2019\u00e9nergie, tant pour le chauffage que pour la climatisation<\/li>\n<\/ul>\n<p>&nbsp;<\/p>\n<div id='gallery-1' class='gallery galleryid-3804 gallery-columns-3 gallery-size-medium'><figure class='gallery-item'>\n\t\t\t<div class='gallery-icon landscape'>\n\t\t\t\t<a href=\"https:\/\/www.lux-airport.lu\/wp-content\/uploads\/2022\/08\/Skypark-Business-Center-South-BIG-3-_web.jpg\"><img loading=\"lazy\" decoding=\"async\" width=\"300\" height=\"207\" src=\"https:\/\/www.lux-airport.lu\/wp-content\/uploads\/2022\/08\/Skypark-Business-Center-South-BIG-3-_web-300x207.jpg\" class=\"attachment-medium size-medium\" alt=\"\" srcset=\"https:\/\/www.lux-airport.lu\/wp-content\/uploads\/2022\/08\/Skypark-Business-Center-South-BIG-3-_web-300x207.jpg 300w, https:\/\/www.lux-airport.lu\/wp-content\/uploads\/2022\/08\/Skypark-Business-Center-South-BIG-3-_web-1024x706.jpg 1024w, https:\/\/www.lux-airport.lu\/wp-content\/uploads\/2022\/08\/Skypark-Business-Center-South-BIG-3-_web-768x529.jpg 768w, https:\/\/www.lux-airport.lu\/wp-content\/uploads\/2022\/08\/Skypark-Business-Center-South-BIG-3-_web.jpg 1500w\" sizes=\"auto, (max-width: 300px) 100vw, 300px\"><\/a>\n\t\t\t<\/div><\/figure><figure class='gallery-item'>\n\t\t\t<div class='gallery-icon landscape'>\n\t\t\t\t<a href=\"https:\/\/www.lux-airport.lu\/wp-content\/uploads\/2022\/08\/Skypark-Business-Center-South-BIG-4-_web.jpg\"><img loading=\"lazy\" decoding=\"async\" width=\"300\" height=\"207\" src=\"https:\/\/www.lux-airport.lu\/wp-content\/uploads\/2022\/08\/Skypark-Business-Center-South-BIG-4-_web-300x207.jpg\" class=\"attachment-medium size-medium\" alt=\"\" srcset=\"https:\/\/www.lux-airport.lu\/wp-content\/uploads\/2022\/08\/Skypark-Business-Center-South-BIG-4-_web-300x207.jpg 300w, https:\/\/www.lux-airport.lu\/wp-content\/uploads\/2022\/08\/Skypark-Business-Center-South-BIG-4-_web-1024x706.jpg 1024w, https:\/\/www.lux-airport.lu\/wp-content\/uploads\/2022\/08\/Skypark-Business-Center-South-BIG-4-_web-768x529.jpg 768w, https:\/\/www.lux-airport.lu\/wp-content\/uploads\/2022\/08\/Skypark-Business-Center-South-BIG-4-_web.jpg 1500w\" sizes=\"auto, (max-width: 300px) 100vw, 300px\"><\/a>\n\t\t\t<\/div><\/figure><figure class='gallery-item'>\n\t\t\t<div class='gallery-icon landscape'>\n\t\t\t\t<a href=\"https:\/\/www.lux-airport.lu\/wp-content\/uploads\/2022\/08\/Skypark-Business-Center-South-BIG-2-_web.jpg\"><img loading=\"lazy\" decoding=\"async\" width=\"300\" height=\"207\" src=\"https:\/\/www.lux-airport.lu\/wp-content\/uploads\/2022\/08\/Skypark-Business-Center-South-BIG-2-_web-300x207.jpg\" class=\"attachment-medium size-medium\" alt=\"\" srcset=\"https:\/\/www.lux-airport.lu\/wp-content\/uploads\/2022\/08\/Skypark-Business-Center-South-BIG-2-_web-300x207.jpg 300w, https:\/\/www.lux-airport.lu\/wp-content\/uploads\/2022\/08\/Skypark-Business-Center-South-BIG-2-_web-1024x706.jpg 1024w, https:\/\/www.lux-airport.lu\/wp-content\/uploads\/2022\/08\/Skypark-Business-Center-South-BIG-2-_web-768x529.jpg 768w, https:\/\/www.lux-airport.lu\/wp-content\/uploads\/2022\/08\/Skypark-Business-Center-South-BIG-2-_web.jpg 1500w\" sizes=\"auto, (max-width: 300px) 100vw, 300px\"><\/a>\n\t\t\t<\/div><\/figure>\n\t\t<\/div>\n\n","protected":false},"excerpt":{"rendered":"<p>Le Skypark Business Center South est le premier jalon visible du d\u00e9veloppement de l\u2019Airport City. Le premier b\u00e2timent sera construit sur le terrain directement \u00e0 c\u00f4t\u00e9 du terminal. Ren\u00e9 Steinhaus, CEO de lux-Airport\u00a0: \u00ab\u00a0Je me r\u00e9jouis de voir le premier jalon de notre Airport City devenir r\u00e9alit\u00e9. Le Skypark Business Center South sera un b\u00e2timent [&hellip;]<\/p>\n","protected":false},"author":9,"featured_media":1987,"comment_status":"closed","ping_status":"closed","sticky":false,"template":"","format":"standard","meta":{"_acf_changed":false,"footnotes":""},"categories":[4,1],"tags":[],"class_list":["post-3804","post","type-post","status-publish","format-standard","has-post-thumbnail","hentry","category-les-actualites","category-news"],"acf":{"set_page_width_full":false,"start_with_small_header":false,"reno_options":{"hide_reno_widget":false,"open_widget_on_page_load":false,"which_tab_to_open":"chatbot","hide_reno_turn_onoff":false,"set_height_to_mini":false,"reno_page_branded_text_back_front":{"reno_show_branded_text":false,"reno_text_in_the_back":"JOURNEY","reno_text_in_the_front":"my journey starts here"}},"branded_text_backfront":{"hide_branded_text":false,"text_in_the_back":"JOURNEY","text_in_the_front_left":"My journey","text_in_the_front_right":"starts here"},"hide_breadcrumbs":false,"hide_footer_widgets":false,"hide_page_title":false,"advertising__adsense":{"show_ads_in_this_page":true,"image_instead_of_adsense":{"enable_image_instead_of_adsense":false,"banner_image_300x250":null,"banner_url":""}},"header_image_options":{"show_header_image":"Yes","header_image":null}},"_links":{"self":[{"href":"https:\/\/www.lux-airport.lu\/fr\/wp-json\/wp\/v2\/posts\/3804","targetHints":{"allow":["GET"]}}],"collection":[{"href":"https:\/\/www.lux-airport.lu\/fr\/wp-json\/wp\/v2\/posts"}],"about":[{"href":"https:\/\/www.lux-airport.lu\/fr\/wp-json\/wp\/v2\/types\/post"}],"author":[{"embeddable":true,"href":"https:\/\/www.lux-airport.lu\/fr\/wp-json\/wp\/v2\/users\/9"}],"replies":[{"embeddable":true,"href":"https:\/\/www.lux-airport.lu\/fr\/wp-json\/wp\/v2\/comments?post=3804"}],"version-history":[{"count":0,"href":"https:\/\/www.lux-airport.lu\/fr\/wp-json\/wp\/v2\/posts\/3804\/revisions"}],"wp:featuredmedia":[{"embeddable":true,"href":"https:\/\/www.lux-airport.lu\/fr\/wp-json\/wp\/v2\/media\/1987"}],"wp:attachment":[{"href":"https:\/\/www.lux-airport.lu\/fr\/wp-json\/wp\/v2\/media?parent=3804"}],"wp:term":[{"taxonomy":"category","embeddable":true,"href":"https:\/\/www.lux-airport.lu\/fr\/wp-json\/wp\/v2\/categories?post=3804"},{"taxonomy":"post_tag","embeddable":true,"href":"https:\/\/www.lux-airport.lu\/fr\/wp-json\/wp\/v2\/tags?post=3804"}],"curies":[{"name":"wp","href":"https:\/\/api.w.org\/{rel}","templated":true}]}}