{"id":17741,"date":"2024-08-28T12:21:50","date_gmt":"2024-08-28T10:21:50","guid":{"rendered":"https:\/\/www.lux-airport.lu\/runway-closure-and-flight-disruptions-at-luxembourg-airport\/"},"modified":"2024-08-28T12:46:02","modified_gmt":"2024-08-28T10:46:02","slug":"runway-closure-and-flight-disruptions-at-luxembourg-airport","status":"publish","type":"post","link":"https:\/\/www.lux-airport.lu\/fr\/runway-closure-and-flight-disruptions-at-luxembourg-airport\/","title":{"rendered":"Fermeture de la piste et perturbations des vols \u00e0 l&rsquo;a\u00e9roport de Luxembourg"},"content":{"rendered":"\n<p>Le mercredi 28 ao\u00fbt au matin, des dommages ont \u00e9t\u00e9 d\u00e9tect\u00e9s sur la piste de l\u2019a\u00e9roport de Findel lors d\u2019une inspection de routine, r\u00e9sultant en sa fermeture pour r\u00e9parations. \u00c0 10h30, une partie de la piste a \u00e9t\u00e9 rouverte pour des op\u00e9rations limit\u00e9es, permettant uniquement les d\u00e9collages. Aucun atterrissage n\u2019est actuellement possible, et les arriv\u00e9es sont d\u00e9tourn\u00e9es vers d\u2019autres a\u00e9roports.<\/p>\n\n\n\n<p>Les travaux de r\u00e9paration sont pr\u00e9vus de durer jusqu&rsquo;en d\u00e9but d&rsquo;apr\u00e8s-midi. &nbsp;Des retards sont \u00e0 pr\u00e9voir, et les passagers sont invit\u00e9s \u00e0 consulter leur compagnie a\u00e9rienne pour les derni\u00e8res informations et ajuster leurs plans de voyage.<\/p>\n\n\n\n<p>Vols annul\u00e9s ou impact\u00e9s par la fermeture:<\/p>\n\n\n\n<figure class=\"wp-block-image size-large\"><img loading=\"lazy\" decoding=\"async\" width=\"1024\" height=\"799\" src=\"https:\/\/www.lux-airport.lu\/wp-content\/uploads\/2024\/08\/image-2-1024x799.png\" alt=\"\" class=\"wp-image-17737\" srcset=\"https:\/\/www.lux-airport.lu\/wp-content\/uploads\/2024\/08\/image-2-1024x799.png 1024w, https:\/\/www.lux-airport.lu\/wp-content\/uploads\/2024\/08\/image-2-300x234.png 300w, https:\/\/www.lux-airport.lu\/wp-content\/uploads\/2024\/08\/image-2-768x599.png 768w, https:\/\/www.lux-airport.lu\/wp-content\/uploads\/2024\/08\/image-2.png 1307w\" sizes=\"auto, (max-width: 1024px) 100vw, 1024px\" \/><\/figure>\n\n\n\n<p>Cette liste n\u2019est pas exhaustive. En cas de doute, veuillez contacter directement votre compagnie a\u00e9rienne.<\/p>\n","protected":false},"excerpt":{"rendered":"<p>Le mercredi 28 ao\u00fbt au matin, des dommages ont \u00e9t\u00e9 d\u00e9tect\u00e9s sur la piste de l\u2019a\u00e9roport de Findel lors d\u2019une inspection de routine, r\u00e9sultant en sa fermeture pour r\u00e9parations. \u00c0 10h30, une partie de la piste a \u00e9t\u00e9 rouverte pour des op\u00e9rations limit\u00e9es, permettant uniquement les d\u00e9collages. Aucun atterrissage n\u2019est actuellement possible, et les arriv\u00e9es [&hellip;]<\/p>\n","protected":false},"author":9,"featured_media":0,"comment_status":"closed","ping_status":"closed","sticky":false,"template":"","format":"standard","meta":{"_acf_changed":false,"footnotes":""},"categories":[4,200],"tags":[],"class_list":["post-17741","post","type-post","status-publish","format-standard","hentry","category-les-actualites","category-communiques-de-presse"],"acf":{"set_page_width_full":false,"start_with_small_header":false,"reno_options":{"hide_reno_widget":false,"open_widget_on_page_load":false,"which_tab_to_open":"chatbot","hide_reno_turn_onoff":false,"set_height_to_mini":false,"reno_page_branded_text_back_front":{"reno_show_branded_text":false,"reno_text_in_the_back":"JOURNEY","reno_text_in_the_front":"my journey starts here"}},"branded_text_backfront":{"hide_branded_text":false,"text_in_the_back":"JOURNEY","text_in_the_front_left":"My journey","text_in_the_front_right":"starts here"},"hide_breadcrumbs":false,"hide_footer_widgets":false,"hide_page_title":false,"advertising__adsense":{"show_ads_in_this_page":true,"image_instead_of_adsense":{"enable_image_instead_of_adsense":false,"banner_image_300x250":null,"banner_url":""}},"header_image_options":{"show_header_image":"Yes","header_image":""}},"_links":{"self":[{"href":"https:\/\/www.lux-airport.lu\/fr\/wp-json\/wp\/v2\/posts\/17741","targetHints":{"allow":["GET"]}}],"collection":[{"href":"https:\/\/www.lux-airport.lu\/fr\/wp-json\/wp\/v2\/posts"}],"about":[{"href":"https:\/\/www.lux-airport.lu\/fr\/wp-json\/wp\/v2\/types\/post"}],"author":[{"embeddable":true,"href":"https:\/\/www.lux-airport.lu\/fr\/wp-json\/wp\/v2\/users\/9"}],"replies":[{"embeddable":true,"href":"https:\/\/www.lux-airport.lu\/fr\/wp-json\/wp\/v2\/comments?post=17741"}],"version-history":[{"count":0,"href":"https:\/\/www.lux-airport.lu\/fr\/wp-json\/wp\/v2\/posts\/17741\/revisions"}],"wp:attachment":[{"href":"https:\/\/www.lux-airport.lu\/fr\/wp-json\/wp\/v2\/media?parent=17741"}],"wp:term":[{"taxonomy":"category","embeddable":true,"href":"https:\/\/www.lux-airport.lu\/fr\/wp-json\/wp\/v2\/categories?post=17741"},{"taxonomy":"post_tag","embeddable":true,"href":"https:\/\/www.lux-airport.lu\/fr\/wp-json\/wp\/v2\/tags?post=17741"}],"curies":[{"name":"wp","href":"https:\/\/api.w.org\/{rel}","templated":true}]}}