{"id":17728,"date":"2024-08-04T13:45:02","date_gmt":"2024-08-04T11:45:02","guid":{"rendered":"https:\/\/www.lux-airport.lu\/car-fire-incident-at-kiss-and-fly-parking-c\/"},"modified":"2024-08-04T13:46:07","modified_gmt":"2024-08-04T11:46:07","slug":"car-fire-incident-at-kiss-and-fly-parking-c","status":"publish","type":"post","link":"https:\/\/www.lux-airport.lu\/fr\/car-fire-incident-at-kiss-and-fly-parking-c\/","title":{"rendered":"Incendie de Voiture sur le parking C, Kiss and Fly"},"content":{"rendered":"\n<p>Le dimanche 4 ao\u00fbt 2024, \u00e0 midi, un incendie de v\u00e9hicule a eu lieu sur le parking de courte dur\u00e9e \u00ab Kiss &amp; Fly \u00bb de l&rsquo;a\u00e9roport de Luxembourg. Gr\u00e2ce \u00e0 l&rsquo;intervention rapide de la CGDIS, l&rsquo;incendie a \u00e9t\u00e9 rapidement ma\u00eetris\u00e9, emp\u00eachant sa propagation \u00e0 d&rsquo;autres v\u00e9hicules. Aucune personne n&rsquo;a \u00e9t\u00e9 bless\u00e9e et \u00e0 aucun moment la s\u00e9curit\u00e9 des passagers n&rsquo;a \u00e9t\u00e9 compromise.<\/p>\n","protected":false},"excerpt":{"rendered":"<p>Le dimanche 4 ao\u00fbt 2024, \u00e0 midi, un incendie de v\u00e9hicule a eu lieu sur le parking de courte dur\u00e9e \u00ab Kiss &amp; Fly \u00bb de l&rsquo;a\u00e9roport de Luxembourg. Gr\u00e2ce \u00e0 l&rsquo;intervention rapide de la CGDIS, l&rsquo;incendie a \u00e9t\u00e9 rapidement ma\u00eetris\u00e9, emp\u00eachant sa propagation \u00e0 d&rsquo;autres v\u00e9hicules. Aucune personne n&rsquo;a \u00e9t\u00e9 bless\u00e9e et \u00e0 aucun [&hellip;]<\/p>\n","protected":false},"author":9,"featured_media":0,"comment_status":"closed","ping_status":"closed","sticky":false,"template":"","format":"standard","meta":{"_acf_changed":false,"footnotes":""},"categories":[4,200],"tags":[],"class_list":["post-17728","post","type-post","status-publish","format-standard","hentry","category-les-actualites","category-communiques-de-presse"],"acf":{"set_page_width_full":false,"start_with_small_header":false,"reno_options":{"hide_reno_widget":false,"open_widget_on_page_load":false,"which_tab_to_open":"chatbot","hide_reno_turn_onoff":false,"set_height_to_mini":false,"reno_page_branded_text_back_front":{"reno_show_branded_text":false,"reno_text_in_the_back":"JOURNEY","reno_text_in_the_front":"my journey starts here"}},"branded_text_backfront":{"hide_branded_text":false,"text_in_the_back":"JOURNEY","text_in_the_front_left":"My journey","text_in_the_front_right":"starts here"},"hide_breadcrumbs":false,"hide_footer_widgets":false,"hide_page_title":false,"advertising__adsense":{"show_ads_in_this_page":true,"image_instead_of_adsense":{"enable_image_instead_of_adsense":false,"banner_image_300x250":null,"banner_url":""}},"header_image_options":{"show_header_image":"Yes","header_image":""}},"_links":{"self":[{"href":"https:\/\/www.lux-airport.lu\/fr\/wp-json\/wp\/v2\/posts\/17728","targetHints":{"allow":["GET"]}}],"collection":[{"href":"https:\/\/www.lux-airport.lu\/fr\/wp-json\/wp\/v2\/posts"}],"about":[{"href":"https:\/\/www.lux-airport.lu\/fr\/wp-json\/wp\/v2\/types\/post"}],"author":[{"embeddable":true,"href":"https:\/\/www.lux-airport.lu\/fr\/wp-json\/wp\/v2\/users\/9"}],"replies":[{"embeddable":true,"href":"https:\/\/www.lux-airport.lu\/fr\/wp-json\/wp\/v2\/comments?post=17728"}],"version-history":[{"count":0,"href":"https:\/\/www.lux-airport.lu\/fr\/wp-json\/wp\/v2\/posts\/17728\/revisions"}],"wp:attachment":[{"href":"https:\/\/www.lux-airport.lu\/fr\/wp-json\/wp\/v2\/media?parent=17728"}],"wp:term":[{"taxonomy":"category","embeddable":true,"href":"https:\/\/www.lux-airport.lu\/fr\/wp-json\/wp\/v2\/categories?post=17728"},{"taxonomy":"post_tag","embeddable":true,"href":"https:\/\/www.lux-airport.lu\/fr\/wp-json\/wp\/v2\/tags?post=17728"}],"curies":[{"name":"wp","href":"https:\/\/api.w.org\/{rel}","templated":true}]}}